{"id":5042,"date":"2026-04-28T07:49:48","date_gmt":"2026-04-28T05:49:48","guid":{"rendered":"https:\/\/tb-andernach.de\/WPS\/?p=5042"},"modified":"2026-04-28T07:49:48","modified_gmt":"2026-04-28T05:49:48","slug":"furioses-comeback-der-nachwuchsturner","status":"publish","type":"post","link":"https:\/\/tb-andernach.de\/WPS\/?p=5042","title":{"rendered":"Furioses Comeback der Nachwuchsturner"},"content":{"rendered":"\n<div dir=\"ltr\">\n<div class=\"gmail_quote gmail_quote_container\">\n<div dir=\"ltr\">\n<p><b>Andernach.<\/b>\u00a0Nach einer mehrj\u00e4hrigen Pause im wettkampforientierten Jugendbereich meldet sich der Turner-Bund Andernach (TBA) eindrucksvoll zur\u00fcck. Bei den diesj\u00e4hrigen Gaueinzelmeisterschaften des Turngau Rhein-Ahr-Nette bewies die neu formierte Abordnung, dass mit dem Andernacher Turnnachwuchs wieder zu rechnen ist.<\/p>\n<p>Mit einer Bilanz, die sich sehen lassen kann, kehrten die jungen Athleten in die B\u00e4ckerjungenstadt zur\u00fcck: In fast jeder Altersklasse, in der der TBA antrat, sicherte sich der Verein einen Platz auf dem Siegertreppchen.<\/p>\n<h3>Die Ergebnisse im \u00dcberblick:<\/h3>\n<ul>\n<li>\n<p><b>Altersklasse 14\/15:<\/b>\u00a0Hier kr\u00f6nte sich\u00a0<b>Tim Schuh<\/b>\u00a0 zum Gaumeister (<b>1. Platz<\/b>).<\/p>\n<\/li>\n<li>\n<p><b>Altersklasse 12\/13:<\/b>Hier demonstrierten die Andernacher eine geschlossene Mannschaftsleistung und belegten fast das komplette Podium:\u00a0<b>Daniel Schmittgen<\/b>\u00a0sicherte sich den\u00a0<b>2. Platz<\/b>, dicht gefolgt von\u00a0<b>Ole Schulz<\/b>\u00a0auf dem\u00a0<b>3. Platz<\/b>\u00a0und\u00a0<b>Felix Hartzmann<\/b>\u00a0auf einem starken\u00a0<b>4. Platz<\/b>.<\/p>\n<\/li>\n<li>\n<p><b>Altersklasse 10\/11:<\/b>\u00a0Auch bei den j\u00fcngeren Turnern gab es Grund zum Jubeln:\u00a0<b>Marc Schuh<\/b>\u00a0erk\u00e4mpfte sich einen hervorragenden\u00a0<b>3. Platz<\/b>.<\/p>\n<\/li>\n<\/ul>\n<h3>Qualifikation f\u00fcr die Verbandsmeisterschaften<\/h3>\n<p>Der Erfolg wiegt doppelt schwer: Durch die Platzierungen auf dem Treppchen haben sich die Turner direkt f\u00fcr die anstehenden Verbandsmeisterschaften des Turnverbandes Mittelrhein (TVM) qualifiziert. F\u00fcr den Verein ist dies ein bedeutender Meilenstein in der Nachwuchsarbeit.<\/p>\n<p><i>&#8222;Wir freuen uns sehr, nach so langer Zeit wieder so erfolgreiche Turner in der Jugend zu haben&#8220;<\/i>, res\u00fcmiert das Trainerteam stolz. Der Flei\u00df der letzten Monate im Training habe sich ausgezahlt und die Motivation f\u00fcr kommende Aufgaben sei nun gr\u00f6\u00dfer denn je.<\/p>\n<h3>Ausblick auf den Herbst<\/h3>\n<p>Die Einzelerfolge bilden jedoch nur den Auftakt f\u00fcr ein ereignisreiches Turnjahr. Das n\u00e4chste gro\u00dfe Ziel steht bereits fest: Die\u00a0<b>Gau-Mannschaftsmeisterschaften im Herbst<\/b>. Nach der gezeigten Leistungsdichte plant der Turner-Bund Andernach, dort mit zwei bis drei schlagkr\u00e4ftigen Mannschaften an den Start zu gehen, um auch im Team-Wettbewerb ganz vorn mitzumischen.<\/p>\n<\/div>\n<\/div>\n<\/div>\n<p>\u00a0<\/p>\n","protected":false},"excerpt":{"rendered":"<p>Andernach.\u00a0Nach einer mehrj\u00e4hrigen Pause im wettkampforientierten Jugendbereich meldet sich der Turner-Bund Andernach (TBA) eindrucksvoll zur\u00fcck. Bei den diesj\u00e4hrigen Gaueinzelmeisterschaften des Turngau Rhein-Ahr-Nette bewies die neu formierte Abordnung, dass mit dem Andernacher Turnnachwuchs wieder zu rechnen ist. Mit einer Bilanz, die sich sehen lassen kann, kehrten die jungen Athleten in die B\u00e4ckerjungenstadt zur\u00fcck: In fast jeder [&hellip;]<\/p>\n","protected":false},"author":6,"featured_media":0,"comment_status":"closed","ping_status":"","sticky":false,"template":"","format":"standard","meta":{"footnotes":""},"categories":[1],"tags":[],"class_list":["post-5042","post","type-post","status-publish","format-standard","hentry","category-uncategorized"],"_links":{"self":[{"href":"https:\/\/tb-andernach.de\/WPS\/index.php?rest_route=\/wp\/v2\/posts\/5042","targetHints":{"allow":["GET"]}}],"collection":[{"href":"https:\/\/tb-andernach.de\/WPS\/index.php?rest_route=\/wp\/v2\/posts"}],"about":[{"href":"https:\/\/tb-andernach.de\/WPS\/index.php?rest_route=\/wp\/v2\/types\/post"}],"author":[{"embeddable":true,"href":"https:\/\/tb-andernach.de\/WPS\/index.php?rest_route=\/wp\/v2\/users\/6"}],"replies":[{"embeddable":true,"href":"https:\/\/tb-andernach.de\/WPS\/index.php?rest_route=%2Fwp%2Fv2%2Fcomments&post=5042"}],"version-history":[{"count":1,"href":"https:\/\/tb-andernach.de\/WPS\/index.php?rest_route=\/wp\/v2\/posts\/5042\/revisions"}],"predecessor-version":[{"id":5043,"href":"https:\/\/tb-andernach.de\/WPS\/index.php?rest_route=\/wp\/v2\/posts\/5042\/revisions\/5043"}],"wp:attachment":[{"href":"https:\/\/tb-andernach.de\/WPS\/index.php?rest_route=%2Fwp%2Fv2%2Fmedia&parent=5042"}],"wp:term":[{"taxonomy":"category","embeddable":true,"href":"https:\/\/tb-andernach.de\/WPS\/index.php?rest_route=%2Fwp%2Fv2%2Fcategories&post=5042"},{"taxonomy":"post_tag","embeddable":true,"href":"https:\/\/tb-andernach.de\/WPS\/index.php?rest_route=%2Fwp%2Fv2%2Ftags&post=5042"}],"curies":[{"name":"wp","href":"https:\/\/api.w.org\/{rel}","templated":true}]}}