{"id":4442,"date":"2025-02-10T08:52:55","date_gmt":"2025-02-10T07:52:55","guid":{"rendered":"https:\/\/tb-andernach.de\/WPS\/?p=4442"},"modified":"2025-02-10T08:52:55","modified_gmt":"2025-02-10T07:52:55","slug":"turnhalle-martinschule-an-verschiedenen-tagen-geschlossen","status":"publish","type":"post","link":"https:\/\/tb-andernach.de\/WPS\/?p=4442","title":{"rendered":"Turnhalle Martinschule an verschiedenen Tagen geschlossen"},"content":{"rendered":"\n<p>Wir wurden soeben seitens der Martinschule dar\u00fcber informiert, dass an verschiedenen Tagen im 1. Halbjahr 2025 die Turnhalle der Martinschule f\u00fcr den Sportbetrieb nicht zug\u00e4nglich ist.<\/p>\n<p>Die Turnhalle ist wie folgt geschlossen:<\/p>\n<ul>\n<li>19. und 20. Februar 2025<\/li>\n<li>07. April 2025<\/li>\n<li>05. bis 09. Mai 2025<\/li>\n<\/ul>\n<p>Wir bitten um Beachtung!!!<\/p>\n","protected":false},"excerpt":{"rendered":"<p>Wir wurden soeben seitens der Martinschule dar\u00fcber informiert, dass an verschiedenen Tagen im 1. Halbjahr 2025 die Turnhalle der Martinschule f\u00fcr den Sportbetrieb nicht zug\u00e4nglich ist. Die Turnhalle ist wie folgt geschlossen: 19. und 20. Februar 2025 07. April 2025 05. bis 09. Mai 2025 Wir bitten um Beachtung!!!<\/p>\n","protected":false},"author":6,"featured_media":0,"comment_status":"closed","ping_status":"","sticky":false,"template":"","format":"standard","meta":{"footnotes":""},"categories":[1],"tags":[],"class_list":["post-4442","post","type-post","status-publish","format-standard","hentry","category-uncategorized"],"_links":{"self":[{"href":"https:\/\/tb-andernach.de\/WPS\/index.php?rest_route=\/wp\/v2\/posts\/4442","targetHints":{"allow":["GET"]}}],"collection":[{"href":"https:\/\/tb-andernach.de\/WPS\/index.php?rest_route=\/wp\/v2\/posts"}],"about":[{"href":"https:\/\/tb-andernach.de\/WPS\/index.php?rest_route=\/wp\/v2\/types\/post"}],"author":[{"embeddable":true,"href":"https:\/\/tb-andernach.de\/WPS\/index.php?rest_route=\/wp\/v2\/users\/6"}],"replies":[{"embeddable":true,"href":"https:\/\/tb-andernach.de\/WPS\/index.php?rest_route=%2Fwp%2Fv2%2Fcomments&post=4442"}],"version-history":[{"count":1,"href":"https:\/\/tb-andernach.de\/WPS\/index.php?rest_route=\/wp\/v2\/posts\/4442\/revisions"}],"predecessor-version":[{"id":4444,"href":"https:\/\/tb-andernach.de\/WPS\/index.php?rest_route=\/wp\/v2\/posts\/4442\/revisions\/4444"}],"wp:attachment":[{"href":"https:\/\/tb-andernach.de\/WPS\/index.php?rest_route=%2Fwp%2Fv2%2Fmedia&parent=4442"}],"wp:term":[{"taxonomy":"category","embeddable":true,"href":"https:\/\/tb-andernach.de\/WPS\/index.php?rest_route=%2Fwp%2Fv2%2Fcategories&post=4442"},{"taxonomy":"post_tag","embeddable":true,"href":"https:\/\/tb-andernach.de\/WPS\/index.php?rest_route=%2Fwp%2Fv2%2Ftags&post=4442"}],"curies":[{"name":"wp","href":"https:\/\/api.w.org\/{rel}","templated":true}]}}