{"id":4234,"date":"2024-07-22T10:30:18","date_gmt":"2024-07-22T08:30:18","guid":{"rendered":"https:\/\/tb-andernach.de\/WPS\/?p=4234"},"modified":"2024-07-22T10:31:12","modified_gmt":"2024-07-22T08:31:12","slug":"14-andernacher-judoka-gegen-mehr-als-200-aus-dem-rheinland","status":"publish","type":"post","link":"https:\/\/tb-andernach.de\/WPS\/?p=4234","title":{"rendered":"14 Andernacher Judoka gegen mehr als 200 aus dem Rheinland"},"content":{"rendered":"\n<p><em>2 x Vize und 3 x Bronze f\u00fcr den TBA bei den Rheinland-Meisterschaften<\/em><\/p>\n<p>Am Sonntag, den 30. Juni 2024, fand in Urmitz die Rheinland-Einzelmeisterschaft der Altersklassen U11 und U13 statt. Voller Vorfreude auf das Turnier um den begehrten, h\u00f6chsten Titel der Altersklasse, dem Rheinland-Einzelmeister Titel, gingen 14 Judoka des Turner-Bundes 1867 e.V. Andernach auf die Kampfl\u00e4che. Unter der Leitung von Anke Gr\u00f6ber und Lukas G\u00e4rtner feierten f\u00fcnf Judoka ihr Wettkampfdeb\u00fct unter anderem mit Podestplatzierungen.<\/p>\n<p>Von Remagen bis Mainz, von Bitburg bis Oberelbert \u2013 \u00fcber 200 junge Judoka aus mehr als 26 Vereinen k\u00e4mpften um den Sieg in ihren Gewichtsklassen. Nach einem gemeinsamen Aufw\u00e4rmen begann das Turnier mit den leichtesten Gewichtsklassen mit der m\u00e4nnlichen Jugend unter 11 Jahren.<\/p>\n<p>Den Auftakt der Andernacher Judoka machte Dominik Markus Engel im Leichtgewicht bis 26kg. Dank seiner intensiven Trainingsteilnahme zeigte Dominik herausragende Leistungen und sicherte sich mit starken Fu\u00dftechniken den dritten Platz und eine Bronzemedaille. Er k\u00e4mpfte gegen insgesamt acht Teilnehmer und beeindruckte durch seine Ausdauer und Technik.<\/p>\n<p>Im Leichtgewicht bis 29kg gingen Mykhailo Bilyi und Leonidas Sch\u00fctz an den Start. Trotz harter Konkurrenz in der am zweitst\u00e4rksten besetzten Gewichtsklasse mit 15 Teilnehmern zeigten beide K\u00e4mpfer ihren Willen und ihre Hartn\u00e4ckigkeit. Leonidas gewann nach langer Zeit gegen erfahrene Gegner mit seiner Fu\u00dftechnik, w\u00e4hrend Mykhailo Pech in der Auslosung hatte und fr\u00fch gegen den amtierenden Sieger und Vize-Meister antrat. Beide sicherten sich den 9. Platz.<\/p>\n<p>Vincent Zenker und Christian Hanna traten im Leichtgewicht bis 32kg an. Christian zeigte starke Leistungen im Standkampf und gewann zwei K\u00e4mpfe, w\u00e4hrend Vincent mit seinen Bodentechniken beeindruckte. Vincent verteidigte stark gegen in F\u00fchrung liegende Gegner und erreichte den 9. Platz, w\u00e4hrend Christian mit Ausdauer und Geschicklichkeit den 7. Platz belegte. Insgesamt k\u00e4mpften sie gegen 19 Teilnehmer.<\/p>\n<p>Im Mittelgewicht bis 42kg feierte Vlad Gazea sein Wettkampfdeb\u00fct und \u00fcberzeugte mit Flei\u00df und Durchhalteverm\u00f6gen. Er gewann die Silbermedaille und den Titel des Vize-Rheinland-Meisters. Vlad k\u00e4mpfte in einer Gewichtsklasse mit sechs Teilnehmern und zeigte in vier erfolgreichen K\u00e4mpfen seine starken Fu\u00df- und Schleudertechniken.<\/p>\n<p>Oskar Hartzmann k\u00e4mpfte im Schwergewicht \u00fcber 46kg. Trotz Pech in der Auslosung zeigte er starke Leistungen und erk\u00e4mpfte sich den 5. Platz. In seinem zweiten Kampf k\u00e4mpfte Oskar lange Zeit gegen einen erfahrenen Gegner und lie\u00df kaum Chancen auf eine hohe Wertung zu. Auch er trat gegen f\u00fcnf Gegner an.<\/p>\n<p>Auch die weiblichen Judoka des TB 1867 e.V. traten an. Lennja Seul und Nina Gr\u00f6ber zeigten im Leichtgewicht bis 33kg St\u00e4rke und Mut. Lennja gewann einen ihrer K\u00e4mpfe mit einem starken Schulterwurf, w\u00e4hrend Nina sich tapfer in ihren ersten K\u00e4mpfen behauptete. Das Ergebnis war ein 9. Platz f\u00fcr Nina und ein 7. Platz f\u00fcr Lennja, was insgesamt sehr zufriedenstellend ist. Sie k\u00e4mpften gegen insgesamt 10 Teilnehmerinnen.<\/p>\n<p>Antonina Galant k\u00e4mpfte im Mittelgewicht bis 40kg und gewann souver\u00e4n alle ihre K\u00e4mpfe. Sie sicherte sich den Titel der Vize-Rheinland-Meisterin. Antonina besiegte ihre drei Gegnerinnen mit starken Wurfans\u00e4tzen und Haltegriffen und zeigte dabei ihr K\u00f6nnen und ihre Souver\u00e4nit\u00e4t auf der Matte.<\/p>\n<p>In der Altersklasse U13 traten vier Andernacher Judoka an. Jan Gr\u00f6ber k\u00e4mpfte im Leichtgewicht bis 28kg und sicherte sich den dritten Platz und eine Bronzemedaille. F\u00fcr Jan war es eine gute Gelegenheit, seine Techniken im Wettkampf zu erproben und seine Geschicklichkeit zu verbessern. Er k\u00e4mpfte gegen insgesamt zwei weitere Teilnehmer.<\/p>\n<p>Im Mittelgewicht k\u00e4mpfte Ivan Bilyi und Karas Hanna. Beide zeigten starke Wurftechniken und sicherten sich den f\u00fcnften bzw. dritten Platz. Ivan und Karas bewiesen ihre Ausdauer und Technik im H\u00fcft- und Schulterwurf, wobei Karas mit einer Bronze-Medaille ausgezeichnet wurde. Sie traten gegen sieben Teilnehmer an.<\/p>\n<p>Benedikt Salzmann k\u00e4mpfte im Schwergewicht bis 50kg und erk\u00e4mpfte sich nach ehrgeizigen K\u00e4mpfen den dritten Platz und eine Bronzemedaille. Benedikt zeigte starke Fu\u00dftechniken und k\u00e4mpfte sich nach einer anf\u00e4nglichen Niederlage bis auf den dritten Platz vor. Er k\u00e4mpfte gegen insgesamt sechs Teilnehmer.<\/p>\n<p>Das Trainerteam zeigte sich sehr zufrieden mit den Leistungen der jungen Wettk\u00e4mpfer vor der Sommerpause. Die gezeigten Leistungen und der Ehrgeiz der jungen Judoka machen die Trainer und Betreuer stolz und lassen optimistisch in die Zukunft blicken.<\/p>\n<p>Bild v.l.n.r.: 2. Reihe: Mykhailo Bilyi, Oskar Hartzmann, Vlad Gazea, Karas Hanna, Benedikt Salzmann, Antonina Galant, Ivan Bilyi;<\/p>\n<p>1. Reihe: Betreuerin Antonia G\u00e4rtner, Leonidas Sch\u00fctz, Christian Hanna, Lenja Seul, Vincent Zenker, Dominik Markus Engel und Trainier Lukas G\u00e4rtner. Es fehlen Nina und Jan Gr\u00f6ber.<\/p>\n<p><img fetchpriority=\"high\" decoding=\"async\" class=\"alignnone size-full wp-image-4235\" src=\"https:\/\/tb-andernach.de\/WPS\/wp-content\/uploads\/2024\/07\/IMG_4588-scaled.jpeg\" alt=\"\" width=\"2560\" height=\"1440\" srcset=\"https:\/\/tb-andernach.de\/WPS\/wp-content\/uploads\/2024\/07\/IMG_4588-scaled.jpeg 2560w, https:\/\/tb-andernach.de\/WPS\/wp-content\/uploads\/2024\/07\/IMG_4588-300x169.jpeg 300w, https:\/\/tb-andernach.de\/WPS\/wp-content\/uploads\/2024\/07\/IMG_4588-1024x576.jpeg 1024w, https:\/\/tb-andernach.de\/WPS\/wp-content\/uploads\/2024\/07\/IMG_4588-768x432.jpeg 768w, https:\/\/tb-andernach.de\/WPS\/wp-content\/uploads\/2024\/07\/IMG_4588-1536x864.jpeg 1536w, https:\/\/tb-andernach.de\/WPS\/wp-content\/uploads\/2024\/07\/IMG_4588-2048x1152.jpeg 2048w\" sizes=\"(max-width: 2560px) 100vw, 2560px\" \/><\/p>\n\n\n","protected":false},"excerpt":{"rendered":"<p>2 x Vize und 3 x Bronze f\u00fcr den TBA bei den Rheinland-Meisterschaften Am Sonntag, den 30. Juni 2024, fand in Urmitz die Rheinland-Einzelmeisterschaft der Altersklassen U11 und U13 statt. Voller Vorfreude auf das Turnier um den begehrten, h\u00f6chsten Titel der Altersklasse, dem Rheinland-Einzelmeister Titel, gingen 14 Judoka des Turner-Bundes 1867 e.V. Andernach auf die [&hellip;]<\/p>\n","protected":false},"author":6,"featured_media":0,"comment_status":"open","ping_status":"open","sticky":false,"template":"","format":"standard","meta":{"footnotes":""},"categories":[1],"tags":[],"class_list":["post-4234","post","type-post","status-publish","format-standard","hentry","category-uncategorized"],"_links":{"self":[{"href":"https:\/\/tb-andernach.de\/WPS\/index.php?rest_route=\/wp\/v2\/posts\/4234","targetHints":{"allow":["GET"]}}],"collection":[{"href":"https:\/\/tb-andernach.de\/WPS\/index.php?rest_route=\/wp\/v2\/posts"}],"about":[{"href":"https:\/\/tb-andernach.de\/WPS\/index.php?rest_route=\/wp\/v2\/types\/post"}],"author":[{"embeddable":true,"href":"https:\/\/tb-andernach.de\/WPS\/index.php?rest_route=\/wp\/v2\/users\/6"}],"replies":[{"embeddable":true,"href":"https:\/\/tb-andernach.de\/WPS\/index.php?rest_route=%2Fwp%2Fv2%2Fcomments&post=4234"}],"version-history":[{"count":2,"href":"https:\/\/tb-andernach.de\/WPS\/index.php?rest_route=\/wp\/v2\/posts\/4234\/revisions"}],"predecessor-version":[{"id":4237,"href":"https:\/\/tb-andernach.de\/WPS\/index.php?rest_route=\/wp\/v2\/posts\/4234\/revisions\/4237"}],"wp:attachment":[{"href":"https:\/\/tb-andernach.de\/WPS\/index.php?rest_route=%2Fwp%2Fv2%2Fmedia&parent=4234"}],"wp:term":[{"taxonomy":"category","embeddable":true,"href":"https:\/\/tb-andernach.de\/WPS\/index.php?rest_route=%2Fwp%2Fv2%2Fcategories&post=4234"},{"taxonomy":"post_tag","embeddable":true,"href":"https:\/\/tb-andernach.de\/WPS\/index.php?rest_route=%2Fwp%2Fv2%2Ftags&post=4234"}],"curies":[{"name":"wp","href":"https:\/\/api.w.org\/{rel}","templated":true}]}}