{"id":342,"date":"2012-09-01T20:36:30","date_gmt":"2012-09-01T18:36:30","guid":{"rendered":"http:\/\/tb-andernach.de\/WPS\/?p=342"},"modified":"2016-11-01T20:39:10","modified_gmt":"2016-11-01T19:39:10","slug":"jugendzeltlager-2012","status":"publish","type":"post","link":"https:\/\/tb-andernach.de\/WPS\/?p=342","title":{"rendered":"Jugendzeltlager 2012"},"content":{"rendered":"<p><img fetchpriority=\"high\" decoding=\"async\" class=\"aligncenter size-full wp-image-345\" src=\"https:\/\/tb-andernach.de\/WPS\/wp-content\/uploads\/2016\/11\/gruppenfoto-zeltlager-2012.jpg\" alt=\"gruppenfoto-zeltlager-2012\" width=\"800\" height=\"468\" srcset=\"https:\/\/tb-andernach.de\/WPS\/wp-content\/uploads\/2016\/11\/gruppenfoto-zeltlager-2012.jpg 800w, https:\/\/tb-andernach.de\/WPS\/wp-content\/uploads\/2016\/11\/gruppenfoto-zeltlager-2012-300x176.jpg 300w, https:\/\/tb-andernach.de\/WPS\/wp-content\/uploads\/2016\/11\/gruppenfoto-zeltlager-2012-768x449.jpg 768w\" sizes=\"(max-width: 800px) 100vw, 800px\" \/><\/p>\n<p>Alle Jahre wieder \u2013 und endlich war es soweit!<\/p>\n<p>Direkt zu Beginn der Sommerferien machte sich eine Betreuergruppe auf den Weg in die sch\u00f6ne Eifel, um das diesj\u00e4hrige Lager des TBA vorzubereiten. Auf einer idyllisch gelegenen Wiese in Flie\u00dfem an der Kyll entstand schon nach kurzer Zeit ein gem\u00fctliches Lager mit Kinderzelten, K\u00fcchenzelt, Aufenthalts- und Materialzelt und nat\u00fcrlich wieder dem allseits beliebten Kiosk. Erstmalig in diesem Jahr gab es einen eigenh\u00e4ndig erbauten Hochsitz, der es den Nachtwachen erm\u00f6glichte, den Lagerplatz aus der Vogelperspektive zu bewachen und potenzielle Angreifer schon aus einiger Entfernung zu ersp\u00e4hen.<\/p>\n<p>Nach einem arbeitsreichen ersten Wochenende trafen die Kinder und Jugendlichen ein und wurden mit gro\u00dfem \u201eHallo\u201c begr\u00fc\u00dft. Es wurde geh\u00e4mmert und ges\u00e4gt, kaum dass die 35 Teilnehmer eingetroffen waren, wollte doch jeder seine selbst gebaute Sitzgelegenheit vor dem ersten gemeinsamen Mittagessen fertig gestellt haben. Nach einer kurzen Platzrundf\u00fchrung ging es an den Bezug der Zelte, und sp\u00e4ter am Abend wurde \u201eLeuchtturm\u201c, ein Spiel f\u00fcr die D\u00e4mmerung, gespielt. Schon in der ersten Nacht hie\u00df es f\u00fcr einige Kinder, Nachtwache zu halten. Es blieb jedoch bis zur Wochenmitte ruhig. Ab dem Zeitpunkt allerdings versuchten insgesamt vier Angreifer, zum Bannermast zu schleichen, um das Banner zu stehlen. Dies gelang aber aufgrund der wachsamen Turnerbundjugend niemandem und das Lager konnte gut verteidigt werden.<\/p>\n<p>Wie in jedem Jahr hatten sich die Betreuer um Lagerleitung Judith Zimmermann und Matthias Busenkell jun. im Vorfeld viele Gedanken gemacht, welche Aktionen stattfinden sollten. So wurde zum ersten Mal eine \u201eWaldhochzeit\u201c durchf\u00fchrt, viele Lagerspiele und eine Lagerolympiade fanden statt, und nat\u00fcrlich durfte die Wanderung ins Freibad mit dem obligatorischen Regenschauer auf dem Heimweg nicht fehlen. Die Kreativit\u00e4t der Kinder und Jugendlichen wurde beim Bernsteinschleifen und dem Bekleben von Kerzengl\u00e4sern gefordert und wie schon im letzten Jahr wurden wieder sch\u00f6ne Perlenarmb\u00e4nder gekn\u00fcpft.<\/p>\n<p>Neben diesen vielf\u00e4ltigen Aktivit\u00e4ten kam nat\u00fcrlich auch der Gemeinschaftsgedanke nicht zu kurz \u2013 viele neue Freundschaften wurden geschlossen, abends wurde zusammen am Lagerfeuer gesungen und die einzelnen Zeltgruppen vermischten sich zusehends. Pl\u00f6tzlich war es egal, ob man Junge oder M\u00e4dchen, erst 9 oder schon 17 Jahre alt war, Trampolin sprang oder Judo machte: jeder k\u00fcmmerte sich um jeden, spielte mit jedem und so wurde auch der j\u00fcngste Teilnehmer, Julius Zimmermann (6 \u00bd Monate), begeistert von Jedermann\/ frau betreut.<\/p>\n<p>Schon im Lager war man sich einig, im n\u00e4chsten Jahr wieder mitzufahren.<\/p>\n","protected":false},"excerpt":{"rendered":"<p>Alle Jahre wieder \u2013 und endlich war es soweit! Direkt zu Beginn der Sommerferien machte sich eine Betreuergruppe auf den Weg in die sch\u00f6ne Eifel, um das diesj\u00e4hrige Lager des TBA vorzubereiten. Auf einer idyllisch gelegenen Wiese in Flie\u00dfem an der Kyll entstand schon nach kurzer Zeit ein gem\u00fctliches Lager mit Kinderzelten, K\u00fcchenzelt, Aufenthalts- und [&hellip;]<\/p>\n","protected":false},"author":4,"featured_media":332,"comment_status":"open","ping_status":"open","sticky":false,"template":"","format":"standard","meta":{"footnotes":""},"categories":[2],"tags":[],"class_list":["post-342","post","type-post","status-publish","format-standard","has-post-thumbnail","hentry","category-news"],"_links":{"self":[{"href":"https:\/\/tb-andernach.de\/WPS\/index.php?rest_route=\/wp\/v2\/posts\/342","targetHints":{"allow":["GET"]}}],"collection":[{"href":"https:\/\/tb-andernach.de\/WPS\/index.php?rest_route=\/wp\/v2\/posts"}],"about":[{"href":"https:\/\/tb-andernach.de\/WPS\/index.php?rest_route=\/wp\/v2\/types\/post"}],"author":[{"embeddable":true,"href":"https:\/\/tb-andernach.de\/WPS\/index.php?rest_route=\/wp\/v2\/users\/4"}],"replies":[{"embeddable":true,"href":"https:\/\/tb-andernach.de\/WPS\/index.php?rest_route=%2Fwp%2Fv2%2Fcomments&post=342"}],"version-history":[{"count":1,"href":"https:\/\/tb-andernach.de\/WPS\/index.php?rest_route=\/wp\/v2\/posts\/342\/revisions"}],"predecessor-version":[{"id":347,"href":"https:\/\/tb-andernach.de\/WPS\/index.php?rest_route=\/wp\/v2\/posts\/342\/revisions\/347"}],"wp:featuredmedia":[{"embeddable":true,"href":"https:\/\/tb-andernach.de\/WPS\/index.php?rest_route=\/wp\/v2\/media\/332"}],"wp:attachment":[{"href":"https:\/\/tb-andernach.de\/WPS\/index.php?rest_route=%2Fwp%2Fv2%2Fmedia&parent=342"}],"wp:term":[{"taxonomy":"category","embeddable":true,"href":"https:\/\/tb-andernach.de\/WPS\/index.php?rest_route=%2Fwp%2Fv2%2Fcategories&post=342"},{"taxonomy":"post_tag","embeddable":true,"href":"https:\/\/tb-andernach.de\/WPS\/index.php?rest_route=%2Fwp%2Fv2%2Ftags&post=342"}],"curies":[{"name":"wp","href":"https:\/\/api.w.org\/{rel}","templated":true}]}}