{"id":3081,"date":"2022-09-21T11:57:31","date_gmt":"2022-09-21T09:57:31","guid":{"rendered":"https:\/\/tb-andernach.de\/WPS\/?p=3081"},"modified":"2023-01-06T12:48:21","modified_gmt":"2023-01-06T11:48:21","slug":"judo-erste-erfolge-nach-langer-corona-pause","status":"publish","type":"post","link":"https:\/\/tb-andernach.de\/WPS\/?p=3081","title":{"rendered":"Judo &#8211; Erste Erfolge nach langer Corona-Pause"},"content":{"rendered":"\n<p>Kurz nach den Sommerferien trafen sich die Judokas aus dem Rheinland und der Pfalz, um in den drei Altersklassen U15, U18 und U23 die Titel der Rheinland- Pfalzmeister auszuk\u00e4mpfen.<\/p>\n<p>Im letzten Jahr der Altersklasse U15 trat Antonia G\u00e4rtner f\u00fcr den Turner-Bund 1867 e.V. Andernach an.<\/p>\n<p>Die Goldmedaille war der verdiente Lohn vor dem Wechsel in die n\u00e4chste Altersklasse U18. Antonia verf\u00fcgt bereits \u00fcber viel Kampferfahrung und kann besonders im Boden ihre St\u00e4rken ausspielen.<\/p>\n<p>Bei den M\u00e4nnern der Altersklasse U23 trat Marcel Przybylla an. In seiner Gewichtsklasse traf er auf ein starkes Teilnehmerfeld und es war bereits fr\u00fch klar, dass die Tagesform \u00fcber Sieg und Niederlage entscheiden w\u00fcrde. Es lief nicht ganz so gut und so konnte sich Marcel am Ende aber doch \u00fcber einen guten dritten Platz freuen. Mit der ersten Bronzemedaille in der neuen Altersklasse U23 ist die Erfahrung, dass die B\u00e4ume nicht in den Himmel wachsen, Gold wert.<\/p>\n<p>\u00a0<\/p>\n<p><img fetchpriority=\"high\" decoding=\"async\" class=\"alignnone size-full wp-image-3082\" src=\"https:\/\/tb-andernach.de\/WPS\/wp-content\/uploads\/2022\/09\/Rheinland-EM-2022.jpeg\" alt=\"\" width=\"2000\" height=\"1333\" srcset=\"https:\/\/tb-andernach.de\/WPS\/wp-content\/uploads\/2022\/09\/Rheinland-EM-2022.jpeg 2000w, https:\/\/tb-andernach.de\/WPS\/wp-content\/uploads\/2022\/09\/Rheinland-EM-2022-300x200.jpeg 300w, https:\/\/tb-andernach.de\/WPS\/wp-content\/uploads\/2022\/09\/Rheinland-EM-2022-1024x682.jpeg 1024w, https:\/\/tb-andernach.de\/WPS\/wp-content\/uploads\/2022\/09\/Rheinland-EM-2022-768x512.jpeg 768w, https:\/\/tb-andernach.de\/WPS\/wp-content\/uploads\/2022\/09\/Rheinland-EM-2022-1536x1024.jpeg 1536w\" sizes=\"(max-width: 2000px) 100vw, 2000px\" \/><\/p>\n\n\n","protected":false},"excerpt":{"rendered":"<p>Kurz nach den Sommerferien trafen sich die Judokas aus dem Rheinland und der Pfalz, um in den drei Altersklassen U15, U18 und U23 die Titel der Rheinland- Pfalzmeister auszuk\u00e4mpfen. Im letzten Jahr der Altersklasse U15 trat Antonia G\u00e4rtner f\u00fcr den Turner-Bund 1867 e.V. Andernach an. Die Goldmedaille war der verdiente Lohn vor dem Wechsel in [&hellip;]<\/p>\n","protected":false},"author":6,"featured_media":0,"comment_status":"open","ping_status":"open","sticky":false,"template":"","format":"standard","meta":{"footnotes":""},"categories":[1],"tags":[],"class_list":["post-3081","post","type-post","status-publish","format-standard","hentry","category-uncategorized"],"_links":{"self":[{"href":"https:\/\/tb-andernach.de\/WPS\/index.php?rest_route=\/wp\/v2\/posts\/3081","targetHints":{"allow":["GET"]}}],"collection":[{"href":"https:\/\/tb-andernach.de\/WPS\/index.php?rest_route=\/wp\/v2\/posts"}],"about":[{"href":"https:\/\/tb-andernach.de\/WPS\/index.php?rest_route=\/wp\/v2\/types\/post"}],"author":[{"embeddable":true,"href":"https:\/\/tb-andernach.de\/WPS\/index.php?rest_route=\/wp\/v2\/users\/6"}],"replies":[{"embeddable":true,"href":"https:\/\/tb-andernach.de\/WPS\/index.php?rest_route=%2Fwp%2Fv2%2Fcomments&post=3081"}],"version-history":[{"count":2,"href":"https:\/\/tb-andernach.de\/WPS\/index.php?rest_route=\/wp\/v2\/posts\/3081\/revisions"}],"predecessor-version":[{"id":3084,"href":"https:\/\/tb-andernach.de\/WPS\/index.php?rest_route=\/wp\/v2\/posts\/3081\/revisions\/3084"}],"wp:attachment":[{"href":"https:\/\/tb-andernach.de\/WPS\/index.php?rest_route=%2Fwp%2Fv2%2Fmedia&parent=3081"}],"wp:term":[{"taxonomy":"category","embeddable":true,"href":"https:\/\/tb-andernach.de\/WPS\/index.php?rest_route=%2Fwp%2Fv2%2Fcategories&post=3081"},{"taxonomy":"post_tag","embeddable":true,"href":"https:\/\/tb-andernach.de\/WPS\/index.php?rest_route=%2Fwp%2Fv2%2Ftags&post=3081"}],"curies":[{"name":"wp","href":"https:\/\/api.w.org\/{rel}","templated":true}]}}