{"id":3061,"date":"2022-09-12T12:19:18","date_gmt":"2022-09-12T10:19:18","guid":{"rendered":"https:\/\/tb-andernach.de\/WPS\/?p=3061"},"modified":"2023-03-09T16:19:27","modified_gmt":"2023-03-09T15:19:27","slug":"strong-nation","status":"publish","type":"post","link":"https:\/\/tb-andernach.de\/WPS\/?p=3061","title":{"rendered":"Strong nation"},"content":{"rendered":"\t\t<div data-elementor-type=\"wp-post\" data-elementor-id=\"3061\" class=\"elementor elementor-3061\">\n\t\t\t\t\t\t<section class=\"elementor-section elementor-top-section elementor-element elementor-element-26f50995 elementor-section-boxed elementor-section-height-default elementor-section-height-default\" data-id=\"26f50995\" data-element_type=\"section\">\n\t\t\t\t\t\t<div class=\"elementor-container elementor-column-gap-default\">\n\t\t\t\t\t<div class=\"elementor-column elementor-col-100 elementor-top-column elementor-element elementor-element-2286d276\" data-id=\"2286d276\" data-element_type=\"column\">\n\t\t\t<div class=\"elementor-widget-wrap elementor-element-populated\">\n\t\t\t\t\t\t<div class=\"elementor-element elementor-element-6037125c elementor-widget elementor-widget-text-editor\" data-id=\"6037125c\" data-element_type=\"widget\" data-widget_type=\"text-editor.default\">\n\t\t\t\t<div class=\"elementor-widget-container\">\n\t\t\t\t\t\t\t\t\t<p>Strong nation\u00ae kombiniert Eigengewichts-, Muskelaufbau-, Kardio- und Plyometrietraining. Ein kraftvolles Konditionstraining zu passender Musik fordert den ganzen K\u00f6rper. Kraft, Ausdauer, Schnelligkeit und Mobilit\u00e4t werden ausgebaut und bringt die Teilnehmer an ihre Grenzen. K\u00f6rperliche Fitness wird vorausgesetzt.<\/p>\n<div class=\"entry-content\">\n<p>Der Kurs findet ab Dienstag, dem 27. September 2022 in der <a href=\"https:\/\/tb-andernach.de\/WPS\/?page_id=2662\">Turnhalle der Elisabethschule<\/a> in Andernach statt.<\/p>\n<p>F\u00fcr weitere Ausk\u00fcnfte bzw. Anmeldungen wenden sich Interessierte bitte an den Turner-Bund 1867 e. V. Andernach, Tel. 0 26 32\/4 62 63.<\/p>\n<\/div>\n<p>\u00a0<\/p>\n<!-- \/wp:tadv\/classic-paragraph --><!-- wp:tadv\/classic-paragraph \/-->\t\t\t\t\t\t\t\t<\/div>\n\t\t\t\t<\/div>\n\t\t\t\t\t<\/div>\n\t\t<\/div>\n\t\t\t\t\t<\/div>\n\t\t<\/section>\n\t\t\t\t<\/div>\n\t\t","protected":false},"excerpt":{"rendered":"<p>Strong nation\u00ae kombiniert Eigengewichts-, Muskelaufbau-, Kardio- und Plyometrietraining. Ein kraftvolles Konditionstraining zu passender Musik fordert den ganzen K\u00f6rper. Kraft, Ausdauer, Schnelligkeit und Mobilit\u00e4t werden ausgebaut und bringt die Teilnehmer an ihre Grenzen. K\u00f6rperliche Fitness wird vorausgesetzt. Der Kurs findet ab Dienstag, dem 27. September 2022 in der Turnhalle der Elisabethschule in Andernach statt. F\u00fcr weitere [&hellip;]<\/p>\n","protected":false},"author":6,"featured_media":0,"comment_status":"open","ping_status":"open","sticky":false,"template":"","format":"standard","meta":{"footnotes":""},"categories":[1],"tags":[],"class_list":["post-3061","post","type-post","status-publish","format-standard","hentry","category-uncategorized"],"_links":{"self":[{"href":"https:\/\/tb-andernach.de\/WPS\/index.php?rest_route=\/wp\/v2\/posts\/3061","targetHints":{"allow":["GET"]}}],"collection":[{"href":"https:\/\/tb-andernach.de\/WPS\/index.php?rest_route=\/wp\/v2\/posts"}],"about":[{"href":"https:\/\/tb-andernach.de\/WPS\/index.php?rest_route=\/wp\/v2\/types\/post"}],"author":[{"embeddable":true,"href":"https:\/\/tb-andernach.de\/WPS\/index.php?rest_route=\/wp\/v2\/users\/6"}],"replies":[{"embeddable":true,"href":"https:\/\/tb-andernach.de\/WPS\/index.php?rest_route=%2Fwp%2Fv2%2Fcomments&post=3061"}],"version-history":[{"count":8,"href":"https:\/\/tb-andernach.de\/WPS\/index.php?rest_route=\/wp\/v2\/posts\/3061\/revisions"}],"predecessor-version":[{"id":3373,"href":"https:\/\/tb-andernach.de\/WPS\/index.php?rest_route=\/wp\/v2\/posts\/3061\/revisions\/3373"}],"wp:attachment":[{"href":"https:\/\/tb-andernach.de\/WPS\/index.php?rest_route=%2Fwp%2Fv2%2Fmedia&parent=3061"}],"wp:term":[{"taxonomy":"category","embeddable":true,"href":"https:\/\/tb-andernach.de\/WPS\/index.php?rest_route=%2Fwp%2Fv2%2Fcategories&post=3061"},{"taxonomy":"post_tag","embeddable":true,"href":"https:\/\/tb-andernach.de\/WPS\/index.php?rest_route=%2Fwp%2Fv2%2Ftags&post=3061"}],"curies":[{"name":"wp","href":"https:\/\/api.w.org\/{rel}","templated":true}]}}