{"id":3031,"date":"2022-07-25T09:42:32","date_gmt":"2022-07-25T07:42:32","guid":{"rendered":"https:\/\/tb-andernach.de\/WPS\/?p=3031"},"modified":"2023-01-06T12:46:59","modified_gmt":"2023-01-06T11:46:59","slug":"mitgliederversammlung-des-turner-bund-1867-e-v-andernach","status":"publish","type":"post","link":"https:\/\/tb-andernach.de\/WPS\/?p=3031","title":{"rendered":"Mitgliederversammlung des Turner-Bund 1867 e.V. Andernach"},"content":{"rendered":"\n<p><strong>Einladung zur Mitgliederversammlung <\/strong><strong>am Dienstag, den 13. September 2022, um 19.00 Uhr,<\/strong><\/p>\n<p><strong>im Christophorussaal, Karolinger-Str. 61, 56626 Andernach<\/strong><\/p>\n<p>Sehr geehrte Vereinsmitglieder,<\/p>\n<p>der Vorstand des Turner-Bundes 1867 e. V. Andernach l\u00e4dt seine Mitglieder zur ordentlichen Mitgliederversammlung herzlich ein.<\/p>\n<p>Unsere Tagesordnung sieht folgende Punkte vor und umfasst das Jahr 2021:<\/p>\n<ol>\n<li>Begr\u00fc\u00dfung<\/li>\n<li>Totenehrung<\/li>\n<li>Feststellung der stimmberechtigten Mitglieder<\/li>\n<li>Annahme der Tagesordnung<\/li>\n<li>Bericht des Vorstandes\/Gesch\u00e4ftsbericht<\/li>\n<li>Bericht des Kassenwarts<\/li>\n<li>Bericht der Kassenpr\u00fcfer<\/li>\n<li>Entlastung des Vorstandes<\/li>\n<li>Berichte der Abteilungsleiter<\/li>\n<li>Beschlussfassung \u00fcber Antr\u00e4ge<\/li>\n<li>Verschiedenes<\/li>\n<\/ol>\n<p>Antr\u00e4ge zu Tagesordnungspunkt 10 m\u00fcssen bis 4 Wochen vorher schriftlich (per Telefax, E-Mail oder Postbrief) mit kurzer Begr\u00fcndung bei dem Pr\u00e4sidenten \u00fcber die Gesch\u00e4ftsstelle eingereicht werden.<\/p>\n<p><em>Die Mitgliederversammlung findet unter Beachtung der Auflagen der zu diesem Zeitpunkt g\u00fcltigen Corona-Landesverordnung statt. <\/em><\/p>\n<p>Mit freundlichen Gr\u00fc\u00dfen<\/p>\n<p>gez. Matthias Busenkell<\/p>\n<p>\u00a0 \u00a0 \u00a0 \u00a0 (Pr\u00e4sident)<\/p>\n\n\n","protected":false},"excerpt":{"rendered":"<p>Einladung zur Mitgliederversammlung am Dienstag, den 13. September 2022, um 19.00 Uhr, im Christophorussaal, Karolinger-Str. 61, 56626 Andernach Sehr geehrte Vereinsmitglieder, der Vorstand des Turner-Bundes 1867 e. V. Andernach l\u00e4dt seine Mitglieder zur ordentlichen Mitgliederversammlung herzlich ein. Unsere Tagesordnung sieht folgende Punkte vor und umfasst das Jahr 2021: Begr\u00fc\u00dfung Totenehrung Feststellung der stimmberechtigten Mitglieder Annahme [&hellip;]<\/p>\n","protected":false},"author":6,"featured_media":0,"comment_status":"open","ping_status":"open","sticky":false,"template":"","format":"standard","meta":{"footnotes":""},"categories":[2,1],"tags":[],"class_list":["post-3031","post","type-post","status-publish","format-standard","hentry","category-news","category-uncategorized"],"_links":{"self":[{"href":"https:\/\/tb-andernach.de\/WPS\/index.php?rest_route=\/wp\/v2\/posts\/3031","targetHints":{"allow":["GET"]}}],"collection":[{"href":"https:\/\/tb-andernach.de\/WPS\/index.php?rest_route=\/wp\/v2\/posts"}],"about":[{"href":"https:\/\/tb-andernach.de\/WPS\/index.php?rest_route=\/wp\/v2\/types\/post"}],"author":[{"embeddable":true,"href":"https:\/\/tb-andernach.de\/WPS\/index.php?rest_route=\/wp\/v2\/users\/6"}],"replies":[{"embeddable":true,"href":"https:\/\/tb-andernach.de\/WPS\/index.php?rest_route=%2Fwp%2Fv2%2Fcomments&post=3031"}],"version-history":[{"count":1,"href":"https:\/\/tb-andernach.de\/WPS\/index.php?rest_route=\/wp\/v2\/posts\/3031\/revisions"}],"predecessor-version":[{"id":3032,"href":"https:\/\/tb-andernach.de\/WPS\/index.php?rest_route=\/wp\/v2\/posts\/3031\/revisions\/3032"}],"wp:attachment":[{"href":"https:\/\/tb-andernach.de\/WPS\/index.php?rest_route=%2Fwp%2Fv2%2Fmedia&parent=3031"}],"wp:term":[{"taxonomy":"category","embeddable":true,"href":"https:\/\/tb-andernach.de\/WPS\/index.php?rest_route=%2Fwp%2Fv2%2Fcategories&post=3031"},{"taxonomy":"post_tag","embeddable":true,"href":"https:\/\/tb-andernach.de\/WPS\/index.php?rest_route=%2Fwp%2Fv2%2Ftags&post=3031"}],"curies":[{"name":"wp","href":"https:\/\/api.w.org\/{rel}","templated":true}]}}