{"id":1899,"date":"2019-12-09T08:50:13","date_gmt":"2019-12-09T07:50:13","guid":{"rendered":"https:\/\/tb-andernach.de\/WPS\/?p=1899"},"modified":"2019-12-09T08:50:13","modified_gmt":"2019-12-09T07:50:13","slug":"erfolgreiche-dan-pruefungen-abgelegt","status":"publish","type":"post","link":"https:\/\/tb-andernach.de\/WPS\/?p=1899","title":{"rendered":"Erfolgreiche DAN-Pr\u00fcfungen abgelegt"},"content":{"rendered":"\n<p>In der vergangenen Woche fanden in der Abteilung Karate des Turner-Bundes 1867 e.V. Andernach DAN-Pr\u00fcfungen (Schwarzgurt-Pr\u00fcfungen) statt. Andre Zabbai, Markus Einig sowie Reiner Masberg haben sich jweils der Pr\u00fcfung zum 1. DAN (1. Schwarzgurt), 3. DAN (3. Schwarzgurt) sowie 5. DAN (5. Schwarzgurt) gestellt und diese erfolgreich bestanden.<\/p>\n<p>Die Pr\u00fcfung bestand aus anspruchsvollen Grundschulkombinationen (Kihon) mehreren Katas (Formen) sowie mehreren Formen des Kumite (Freikampf). Dar\u00fcber hinaus wurde auch Wissen im Bereich der Selbstverteidigung (SV) abverlangt.<\/p>\n<p>Bereits viele Monate im Vorfeld bereiteten sich die Karatekas im Training mindestens zwei Mal pro Woche intensiv darauf vor. Dar\u00fcber hinaus besuchten Andre Zabbai und Markus Einig eine Kampfrichterfortbildung in Mainz und erhielten die damit verbundene B-Lizenz. Einig legte zudem eine Lehrprobe im Bereich der Selbstverteidigung ab.<\/p>\n<p>Gerade der Erwerb eines DAN-Grades stellt f\u00fcr Andre Zabbai einen besonderen Schritt dar. Mit dem \u00dcbergang vom Sch\u00fcler zum Meister soll der Karateka in der Lage sein, den sportlichen und menschlichen Anspr\u00fcchen dieses Meistergrades gerecht zu werden und unter anderem auch das Wissen als Trainer an Sch\u00fcler qualifiziert weiterzugeben. Bei dem Erwerb h\u00f6herer DAN-Grade steht zudem bei Markus Einig sowie Reiner Masberg neben den didaktischen F\u00e4higkeiten die stetige Verfeinerung und Verbesserung der technischen F\u00e4higkeiten sowie das Vorbildsein im Vordergrund. Dies wurde durch die \u00dcbergabe der Urkunden und Gl\u00fcckw\u00fcnsche der Pr\u00fcfungskommission an die Pr\u00fcflinge best\u00e4tigt. Neben den anderen Trainern ist Trainerin Claudia Diederich-Paluch besonders stolz: &#8222;Die lange Vorbereitung hat sich ausgezahlt. Auf ihre Pr\u00fcfungen k\u00f6nnen sie alle stolz sein.&#8220; Sie freut sich bereits auf die weiteren Trainingsstunden.<\/p>\n<p>Bild v.l.n.r.: <em>Reiner Masberg, Markus Einig, Andre Zabbai<\/em><\/p>\n<p><img fetchpriority=\"high\" decoding=\"async\" class=\"alignright size-full wp-image-1901\" src=\"https:\/\/tb-andernach.de\/WPS\/wp-content\/uploads\/2019\/12\/DAN-Pr\u00fcfung-Karate.jpg\" alt=\"\" width=\"5184\" height=\"2879\" srcset=\"https:\/\/tb-andernach.de\/WPS\/wp-content\/uploads\/2019\/12\/DAN-Pr\u00fcfung-Karate.jpg 5184w, https:\/\/tb-andernach.de\/WPS\/wp-content\/uploads\/2019\/12\/DAN-Pr\u00fcfung-Karate-300x167.jpg 300w, https:\/\/tb-andernach.de\/WPS\/wp-content\/uploads\/2019\/12\/DAN-Pr\u00fcfung-Karate-768x427.jpg 768w, https:\/\/tb-andernach.de\/WPS\/wp-content\/uploads\/2019\/12\/DAN-Pr\u00fcfung-Karate-1024x569.jpg 1024w\" sizes=\"(max-width: 5184px) 100vw, 5184px\" \/><\/p>\n<p>\u00a0<\/p>\n\n\n","protected":false},"excerpt":{"rendered":"<p>In der vergangenen Woche fanden in der Abteilung Karate des Turner-Bundes 1867 e.V. Andernach DAN-Pr\u00fcfungen (Schwarzgurt-Pr\u00fcfungen) statt. Andre Zabbai, Markus Einig sowie Reiner Masberg haben sich jweils der Pr\u00fcfung zum 1. DAN (1. Schwarzgurt), 3. DAN (3. Schwarzgurt) sowie 5. DAN (5. Schwarzgurt) gestellt und diese erfolgreich bestanden. Die Pr\u00fcfung bestand aus anspruchsvollen Grundschulkombinationen (Kihon) [&hellip;]<\/p>\n","protected":false},"author":6,"featured_media":0,"comment_status":"open","ping_status":"open","sticky":false,"template":"","format":"standard","meta":{"footnotes":""},"categories":[1],"tags":[],"class_list":["post-1899","post","type-post","status-publish","format-standard","hentry","category-uncategorized"],"_links":{"self":[{"href":"https:\/\/tb-andernach.de\/WPS\/index.php?rest_route=\/wp\/v2\/posts\/1899","targetHints":{"allow":["GET"]}}],"collection":[{"href":"https:\/\/tb-andernach.de\/WPS\/index.php?rest_route=\/wp\/v2\/posts"}],"about":[{"href":"https:\/\/tb-andernach.de\/WPS\/index.php?rest_route=\/wp\/v2\/types\/post"}],"author":[{"embeddable":true,"href":"https:\/\/tb-andernach.de\/WPS\/index.php?rest_route=\/wp\/v2\/users\/6"}],"replies":[{"embeddable":true,"href":"https:\/\/tb-andernach.de\/WPS\/index.php?rest_route=%2Fwp%2Fv2%2Fcomments&post=1899"}],"version-history":[{"count":1,"href":"https:\/\/tb-andernach.de\/WPS\/index.php?rest_route=\/wp\/v2\/posts\/1899\/revisions"}],"predecessor-version":[{"id":1902,"href":"https:\/\/tb-andernach.de\/WPS\/index.php?rest_route=\/wp\/v2\/posts\/1899\/revisions\/1902"}],"wp:attachment":[{"href":"https:\/\/tb-andernach.de\/WPS\/index.php?rest_route=%2Fwp%2Fv2%2Fmedia&parent=1899"}],"wp:term":[{"taxonomy":"category","embeddable":true,"href":"https:\/\/tb-andernach.de\/WPS\/index.php?rest_route=%2Fwp%2Fv2%2Fcategories&post=1899"},{"taxonomy":"post_tag","embeddable":true,"href":"https:\/\/tb-andernach.de\/WPS\/index.php?rest_route=%2Fwp%2Fv2%2Ftags&post=1899"}],"curies":[{"name":"wp","href":"https:\/\/api.w.org\/{rel}","templated":true}]}}